{"id":1895,"date":"2024-03-18T11:18:28","date_gmt":"2024-03-18T14:18:28","guid":{"rendered":"https:\/\/www.clubeportuguesdeniteroi.com.br\/?p=1895"},"modified":"2026-04-16T10:08:34","modified_gmt":"2026-04-16T13:08:34","slug":"uma-experiencia-unica-na-festa-da-vindima","status":"publish","type":"post","link":"https:\/\/www.clubeportuguesdeniteroi.com.br\/?p=1895","title":{"rendered":"Uma experi\u00eancia \u00fanica na Festa da Vindima"},"content":{"rendered":"\n<p style=\"font-size:25px\">No \u00faltimo dia 17 de mar\u00e7o aconteceu a nossa Festa da colheita e pisa da uva no qual todos os presentes puderam participar de um delicioso almo\u00e7o dan\u00e7ante, com muita m\u00fasica ao vivo, al\u00e9m de experimentar as tradi\u00e7\u00f5es portuguesas. <\/p>\n\n\n\n<p style=\"font-size:25px\">Vamos as fotos? <\/p>\n\n\n\n[ngg src=&#8221;galleries&#8221; ids=&#8221;23&#8243; display=&#8221;basic_thumbnail&#8221; thumbnail_crop=&#8221;0&#8243; maximum_entity_count=&#8221;500&#8243;]\n\n\n\n<p style=\"font-size:16px\"><strong>Fotos:<\/strong> Daniel Rezende<\/p>\n","protected":false},"excerpt":{"rendered":"<p>No \u00faltimo dia 17 de mar\u00e7o aconteceu a nossa Festa da colheita e pisa da uva no qual todos os presentes puderam participar de um delicioso almo\u00e7o dan\u00e7ante, com muita m\u00fasica ao vivo, al\u00e9m de experimentar as tradi\u00e7\u00f5es portuguesas. Vamos as fotos? Fotos: Daniel Rezende<\/p>\n","protected":false},"author":1,"featured_media":2014,"comment_status":"closed","ping_status":"closed","sticky":false,"template":"","format":"standard","meta":{"footnotes":""},"categories":[88,89,48],"tags":[101,51,53,104,52,97,102,100,99,98,103],"class_list":["post-1895","post","type-post","status-publish","format-standard","has-post-thumbnail","hentry","category-curiosidades","category-festas-portuguesas","category-noticias","tag-camera-de-vereadores-de-niteroi","tag-clube-portugues","tag-clube-portugues-de-niteroi","tag-colheita-e-pisa-da-uva","tag-cpn","tag-festa-da-vindima","tag-patrimonio-imaterial-de-niteroi","tag-salao-nobre-do-clube-portugues-de-niteroi","tag-vereador-cal","tag-vereador-paulo-eduardo-gomes","tag-vindima"],"_links":{"self":[{"href":"https:\/\/www.clubeportuguesdeniteroi.com.br\/index.php?rest_route=\/wp\/v2\/posts\/1895","targetHints":{"allow":["GET"]}}],"collection":[{"href":"https:\/\/www.clubeportuguesdeniteroi.com.br\/index.php?rest_route=\/wp\/v2\/posts"}],"about":[{"href":"https:\/\/www.clubeportuguesdeniteroi.com.br\/index.php?rest_route=\/wp\/v2\/types\/post"}],"author":[{"embeddable":true,"href":"https:\/\/www.clubeportuguesdeniteroi.com.br\/index.php?rest_route=\/wp\/v2\/users\/1"}],"replies":[{"embeddable":true,"href":"https:\/\/www.clubeportuguesdeniteroi.com.br\/index.php?rest_route=%2Fwp%2Fv2%2Fcomments&post=1895"}],"version-history":[{"count":9,"href":"https:\/\/www.clubeportuguesdeniteroi.com.br\/index.php?rest_route=\/wp\/v2\/posts\/1895\/revisions"}],"predecessor-version":[{"id":2037,"href":"https:\/\/www.clubeportuguesdeniteroi.com.br\/index.php?rest_route=\/wp\/v2\/posts\/1895\/revisions\/2037"}],"wp:featuredmedia":[{"embeddable":true,"href":"https:\/\/www.clubeportuguesdeniteroi.com.br\/index.php?rest_route=\/wp\/v2\/media\/2014"}],"wp:attachment":[{"href":"https:\/\/www.clubeportuguesdeniteroi.com.br\/index.php?rest_route=%2Fwp%2Fv2%2Fmedia&parent=1895"}],"wp:term":[{"taxonomy":"category","embeddable":true,"href":"https:\/\/www.clubeportuguesdeniteroi.com.br\/index.php?rest_route=%2Fwp%2Fv2%2Fcategories&post=1895"},{"taxonomy":"post_tag","embeddable":true,"href":"https:\/\/www.clubeportuguesdeniteroi.com.br\/index.php?rest_route=%2Fwp%2Fv2%2Ftags&post=1895"}],"curies":[{"name":"wp","href":"https:\/\/api.w.org\/{rel}","templated":true}]}}