{"id":2359,"date":"2024-04-22T18:22:37","date_gmt":"2024-04-22T21:22:37","guid":{"rendered":"https:\/\/www.clubeportuguesdeniteroi.com.br\/?p=2359"},"modified":"2026-04-16T09:59:49","modified_gmt":"2026-04-16T12:59:49","slug":"hoje-e-dia-da-comunidade-luso-brasileira","status":"publish","type":"post","link":"https:\/\/www.clubeportuguesdeniteroi.com.br\/?p=2359","title":{"rendered":"Hoje \u00e9 dia da Comunidade Luso-Brasileira."},"content":{"rendered":"\n<p style=\"font-size:25px\">Comemora\u00e7\u00e3o importante para todos que formam a gigantesca comunidade Luso-Brasileira. N\u00e3o podemos esquecer jamais de celebrar este dia.<\/p>\n\n\n\n<p style=\"font-size:25px\">Nesta data, aprofundamos os la\u00e7os de fraternidade entre Portugal e Brasil, atrav\u00e9s do Tratado de Amizade, Coopera\u00e7\u00e3o e Consulta, tamb\u00e9m conhecido como &#8220;Estatuto de Igualdade&#8221;, assinado em 22 de abril de 2000, por conta da passagem dos 500 anos da chegada dos portugueses ao Brasil.<\/p>\n\n\n\n<figure class=\"wp-block-image size-large\"><img loading=\"lazy\" decoding=\"async\" width=\"1024\" height=\"1024\" src=\"http:\/\/www.clubeportuguesdeniteroi.com.br\/wp-content\/uploads\/2024\/04\/22-de-abril-Post-para-Instagram-1024x1024.png\" alt=\"\" class=\"wp-image-2360\" srcset=\"https:\/\/www.clubeportuguesdeniteroi.com.br\/wp-content\/uploads\/2024\/04\/22-de-abril-Post-para-Instagram-1024x1024.png 1024w, https:\/\/www.clubeportuguesdeniteroi.com.br\/wp-content\/uploads\/2024\/04\/22-de-abril-Post-para-Instagram-300x300.png 300w, https:\/\/www.clubeportuguesdeniteroi.com.br\/wp-content\/uploads\/2024\/04\/22-de-abril-Post-para-Instagram-150x150.png 150w, https:\/\/www.clubeportuguesdeniteroi.com.br\/wp-content\/uploads\/2024\/04\/22-de-abril-Post-para-Instagram-768x768.png 768w, https:\/\/www.clubeportuguesdeniteroi.com.br\/wp-content\/uploads\/2024\/04\/22-de-abril-Post-para-Instagram.png 1080w\" sizes=\"auto, (max-width: 1024px) 100vw, 1024px\" \/><\/figure>\n\n\n\n<p style=\"font-size:25px\"><a><\/a>Atrav\u00e9s deste fato hist\u00f3rico Portugal e Brasil, hoje, s\u00e3o duas na\u00e7\u00f5es irm\u00e3s que falam a mesma l\u00edngua e que t\u00eam grande semelhan\u00e7as culturais. Durante o per\u00edodo colonial e, mais intensamente, quando o Brasil foi elevado \u00e0 condi\u00e7\u00e3o de Reino Unido a Portugal e Algarves, no ano de 1815, devido a vinda da fam\u00edlia real para o Rio de Janeiro, tivemos como heran\u00e7a a bagagem cultural lusitana e v\u00e1rias de suas tradi\u00e7\u00f5es permanecem conosco at\u00e9 os dias de hoje, como por exemplo, a religiosidade, a culin\u00e1ria, os Pr\u00e9dios Hist\u00f3ricos, o folclore, dentre infinitas heran\u00e7as. Viva a grande Comunidade Luso-Brasileira!<\/p>\n\n\n\n<p style=\"font-size:25px\">Viva 22 de abril de 2024!<\/p>\n\n\n\n<p class=\"has-medium-font-size\">Por Adriana Fernandes<\/p>\n\n\n\n<p><a href=\"https:\/\/www.facebook.com\/hashtag\/portugues?__eep__=6&amp;__cft__[0]=AZWXxEExzIBYZMvjesvbOCmKqtK_eF7yS48yBMQ9mynbQLEWD2aORMfTBp_HV7vSWCySgEL5VZZuU8POxv1TXNn5Gca45SRR1QaPGu5c53aAEwv-cPbiWr4G_eG3MHRPwmsWRp3sc3izItTKk4zNAwIHgQBU_87T9D4Ng1972Tc2JoO8i0XK7o3fz_4B528neSOcz1gtqIFRiX10l2UTGIQv&amp;__tn__=*NK-R\">#portugues<\/a><a href=\"https:\/\/www.facebook.com\/hashtag\/comunidadesportuguesas?__eep__=6&amp;__cft__[0]=AZWXxEExzIBYZMvjesvbOCmKqtK_eF7yS48yBMQ9mynbQLEWD2aORMfTBp_HV7vSWCySgEL5VZZuU8POxv1TXNn5Gca45SRR1QaPGu5c53aAEwv-cPbiWr4G_eG3MHRPwmsWRp3sc3izItTKk4zNAwIHgQBU_87T9D4Ng1972Tc2JoO8i0XK7o3fz_4B528neSOcz1gtqIFRiX10l2UTGIQv&amp;__tn__=*NK-R\">#comunidadesportuguesas<\/a><a href=\"https:\/\/www.facebook.com\/hashtag\/clubeportuguesdeniteroi?__eep__=6&amp;__cft__[0]=AZWXxEExzIBYZMvjesvbOCmKqtK_eF7yS48yBMQ9mynbQLEWD2aORMfTBp_HV7vSWCySgEL5VZZuU8POxv1TXNn5Gca45SRR1QaPGu5c53aAEwv-cPbiWr4G_eG3MHRPwmsWRp3sc3izItTKk4zNAwIHgQBU_87T9D4Ng1972Tc2JoO8i0XK7o3fz_4B528neSOcz1gtqIFRiX10l2UTGIQv&amp;__tn__=*NK-R\">#clubeportuguesdeniteroi<\/a><a href=\"https:\/\/www.facebook.com\/hashtag\/lusobrasileira?__eep__=6&amp;__cft__[0]=AZWXxEExzIBYZMvjesvbOCmKqtK_eF7yS48yBMQ9mynbQLEWD2aORMfTBp_HV7vSWCySgEL5VZZuU8POxv1TXNn5Gca45SRR1QaPGu5c53aAEwv-cPbiWr4G_eG3MHRPwmsWRp3sc3izItTKk4zNAwIHgQBU_87T9D4Ng1972Tc2JoO8i0XK7o3fz_4B528neSOcz1gtqIFRiX10l2UTGIQv&amp;__tn__=*NK-R\">#lusobrasileira<\/a><\/p>\n","protected":false},"excerpt":{"rendered":"<p>Comemora\u00e7\u00e3o importante para todos que formam a gigantesca comunidade Luso-Brasileira. N\u00e3o podemos esquecer jamais de celebrar este dia. Nesta data, aprofundamos os la\u00e7os de fraternidade entre Portugal e Brasil, atrav\u00e9s do Tratado de Amizade, Coopera\u00e7\u00e3o e Consulta, tamb\u00e9m conhecido como &#8220;Estatuto de Igualdade&#8221;, assinado em 22 de abril de 2000, por conta da passagem dos [&hellip;]<\/p>\n","protected":false},"author":1,"featured_media":2364,"comment_status":"closed","ping_status":"closed","sticky":false,"template":"","format":"standard","meta":{"footnotes":""},"categories":[89,48],"tags":[],"class_list":["post-2359","post","type-post","status-publish","format-standard","has-post-thumbnail","hentry","category-festas-portuguesas","category-noticias"],"_links":{"self":[{"href":"https:\/\/www.clubeportuguesdeniteroi.com.br\/index.php?rest_route=\/wp\/v2\/posts\/2359","targetHints":{"allow":["GET"]}}],"collection":[{"href":"https:\/\/www.clubeportuguesdeniteroi.com.br\/index.php?rest_route=\/wp\/v2\/posts"}],"about":[{"href":"https:\/\/www.clubeportuguesdeniteroi.com.br\/index.php?rest_route=\/wp\/v2\/types\/post"}],"author":[{"embeddable":true,"href":"https:\/\/www.clubeportuguesdeniteroi.com.br\/index.php?rest_route=\/wp\/v2\/users\/1"}],"replies":[{"embeddable":true,"href":"https:\/\/www.clubeportuguesdeniteroi.com.br\/index.php?rest_route=%2Fwp%2Fv2%2Fcomments&post=2359"}],"version-history":[{"count":4,"href":"https:\/\/www.clubeportuguesdeniteroi.com.br\/index.php?rest_route=\/wp\/v2\/posts\/2359\/revisions"}],"predecessor-version":[{"id":2366,"href":"https:\/\/www.clubeportuguesdeniteroi.com.br\/index.php?rest_route=\/wp\/v2\/posts\/2359\/revisions\/2366"}],"wp:featuredmedia":[{"embeddable":true,"href":"https:\/\/www.clubeportuguesdeniteroi.com.br\/index.php?rest_route=\/wp\/v2\/media\/2364"}],"wp:attachment":[{"href":"https:\/\/www.clubeportuguesdeniteroi.com.br\/index.php?rest_route=%2Fwp%2Fv2%2Fmedia&parent=2359"}],"wp:term":[{"taxonomy":"category","embeddable":true,"href":"https:\/\/www.clubeportuguesdeniteroi.com.br\/index.php?rest_route=%2Fwp%2Fv2%2Fcategories&post=2359"},{"taxonomy":"post_tag","embeddable":true,"href":"https:\/\/www.clubeportuguesdeniteroi.com.br\/index.php?rest_route=%2Fwp%2Fv2%2Ftags&post=2359"}],"curies":[{"name":"wp","href":"https:\/\/api.w.org\/{rel}","templated":true}]}}