{"id":2576,"date":"2024-06-07T07:28:01","date_gmt":"2024-06-07T10:28:01","guid":{"rendered":"https:\/\/www.clubeportuguesdeniteroi.com.br\/?p=2576"},"modified":"2026-04-16T10:06:11","modified_gmt":"2026-04-16T13:06:11","slug":"festa-junina-do-clube-portugues-de-niteroi","status":"publish","type":"post","link":"https:\/\/www.clubeportuguesdeniteroi.com.br\/?p=2576","title":{"rendered":"Festa Junina do Clube Portugu\u00eas de Niter\u00f3i"},"content":{"rendered":"\n<p style=\"font-size:25px\">\ud83c\udf3d\ud83c\udf89 O Clube Portugu\u00eas tem o prazer de convidar todos para a nossa tradicional Festa Junina, que acontecer\u00e1 nos dias 29 e 30 de junho, \u00e0 partir das 11 horas. Venha celebrar conosco essa festa t\u00e3o especial!<\/p>\n\n\n\n<p style=\"font-size:25px\">Ang\u00fa \u00e0 baiana, Caldo Verde, Churrasco, Sardinhas Assadas, Bolos e doces variados e muitas outras del\u00edcias \ud83d\ude0b<\/p>\n\n\n\n<p style=\"font-size:25px\">Barraquinhas de jogos para a divers\u00e3o de toda a fam\u00edlia, m\u00fasica ao vivo para animar o evento, quadrilha do CPN com a participa\u00e7\u00e3o especial dos dan\u00e7arinos do Projeto P\u00e9 Descal\u00e7o e do Rancho Folcl\u00f3rico Lu\u00eds de Cam\u00f5es.<\/p>\n\n\n\n<p style=\"font-size:25px\"><strong>Entrada:<\/strong> <br>1 kilo de alimento n\u00e3o perec\u00edvel.<\/p>\n\n\n\n<p style=\"font-size:25px\"><strong>Local:<\/strong><br>Clube Portugu\u00eas de Niter\u00f3i &#8211; Rua Prof. Lara Vilela, 176, Ing\u00e1 &#8211; Niter\u00f3i, RJ<\/p>\n\n\n\n<p style=\"font-size:25px\"><strong>Telefone para contato:<\/strong><br>2717-4225<\/p>\n\n\n\n<p style=\"font-size:25px\">Traga sua fam\u00edlia e amigos para um dia repleto de alegria, tradi\u00e7\u00e3o e solidariedade. Esperamos por voc\u00eas!<\/p>\n\n\n\n<figure class=\"wp-block-image size-large\"><img loading=\"lazy\" decoding=\"async\" width=\"724\" height=\"1024\" src=\"https:\/\/www.clubeportuguesdeniteroi.com.br\/wp-content\/uploads\/2024\/06\/1-CARTAZ-Festa-Junina-festas-dos-Santos-Populares-29-e-30-de-junho-724x1024.jpg\" alt=\"\" class=\"wp-image-2577\" srcset=\"https:\/\/www.clubeportuguesdeniteroi.com.br\/wp-content\/uploads\/2024\/06\/1-CARTAZ-Festa-Junina-festas-dos-Santos-Populares-29-e-30-de-junho-724x1024.jpg 724w, https:\/\/www.clubeportuguesdeniteroi.com.br\/wp-content\/uploads\/2024\/06\/1-CARTAZ-Festa-Junina-festas-dos-Santos-Populares-29-e-30-de-junho-212x300.jpg 212w, https:\/\/www.clubeportuguesdeniteroi.com.br\/wp-content\/uploads\/2024\/06\/1-CARTAZ-Festa-Junina-festas-dos-Santos-Populares-29-e-30-de-junho-768x1086.jpg 768w, https:\/\/www.clubeportuguesdeniteroi.com.br\/wp-content\/uploads\/2024\/06\/1-CARTAZ-Festa-Junina-festas-dos-Santos-Populares-29-e-30-de-junho-1086x1536.jpg 1086w, https:\/\/www.clubeportuguesdeniteroi.com.br\/wp-content\/uploads\/2024\/06\/1-CARTAZ-Festa-Junina-festas-dos-Santos-Populares-29-e-30-de-junho-1448x2048.jpg 1448w, https:\/\/www.clubeportuguesdeniteroi.com.br\/wp-content\/uploads\/2024\/06\/1-CARTAZ-Festa-Junina-festas-dos-Santos-Populares-29-e-30-de-junho-scaled.jpg 1810w\" sizes=\"auto, (max-width: 724px) 100vw, 724px\" \/><\/figure>\n","protected":false},"excerpt":{"rendered":"<p>\ud83c\udf3d\ud83c\udf89 O Clube Portugu\u00eas tem o prazer de convidar todos para a nossa tradicional Festa Junina, que acontecer\u00e1 nos dias 29 e 30 de junho, \u00e0 partir das 11 horas. Venha celebrar conosco essa festa t\u00e3o especial! Ang\u00fa \u00e0 baiana, Caldo Verde, Churrasco, Sardinhas Assadas, Bolos e doces variados e muitas outras del\u00edcias \ud83d\ude0b Barraquinhas [&hellip;]<\/p>\n","protected":false},"author":1,"featured_media":2582,"comment_status":"closed","ping_status":"closed","sticky":false,"template":"","format":"standard","meta":{"footnotes":""},"categories":[122,48],"tags":[51,53,52,188,187],"class_list":["post-2576","post","type-post","status-publish","format-standard","has-post-thumbnail","hentry","category-bailes-e-festas","category-noticias","tag-clube-portugues","tag-clube-portugues-de-niteroi","tag-cpn","tag-festa-dos-santos-populares","tag-festa-junina"],"_links":{"self":[{"href":"https:\/\/www.clubeportuguesdeniteroi.com.br\/index.php?rest_route=\/wp\/v2\/posts\/2576","targetHints":{"allow":["GET"]}}],"collection":[{"href":"https:\/\/www.clubeportuguesdeniteroi.com.br\/index.php?rest_route=\/wp\/v2\/posts"}],"about":[{"href":"https:\/\/www.clubeportuguesdeniteroi.com.br\/index.php?rest_route=\/wp\/v2\/types\/post"}],"author":[{"embeddable":true,"href":"https:\/\/www.clubeportuguesdeniteroi.com.br\/index.php?rest_route=\/wp\/v2\/users\/1"}],"replies":[{"embeddable":true,"href":"https:\/\/www.clubeportuguesdeniteroi.com.br\/index.php?rest_route=%2Fwp%2Fv2%2Fcomments&post=2576"}],"version-history":[{"count":3,"href":"https:\/\/www.clubeportuguesdeniteroi.com.br\/index.php?rest_route=\/wp\/v2\/posts\/2576\/revisions"}],"predecessor-version":[{"id":2583,"href":"https:\/\/www.clubeportuguesdeniteroi.com.br\/index.php?rest_route=\/wp\/v2\/posts\/2576\/revisions\/2583"}],"wp:featuredmedia":[{"embeddable":true,"href":"https:\/\/www.clubeportuguesdeniteroi.com.br\/index.php?rest_route=\/wp\/v2\/media\/2582"}],"wp:attachment":[{"href":"https:\/\/www.clubeportuguesdeniteroi.com.br\/index.php?rest_route=%2Fwp%2Fv2%2Fmedia&parent=2576"}],"wp:term":[{"taxonomy":"category","embeddable":true,"href":"https:\/\/www.clubeportuguesdeniteroi.com.br\/index.php?rest_route=%2Fwp%2Fv2%2Fcategories&post=2576"},{"taxonomy":"post_tag","embeddable":true,"href":"https:\/\/www.clubeportuguesdeniteroi.com.br\/index.php?rest_route=%2Fwp%2Fv2%2Ftags&post=2576"}],"curies":[{"name":"wp","href":"https:\/\/api.w.org\/{rel}","templated":true}]}}