{"id":2677,"date":"2024-08-12T15:44:00","date_gmt":"2024-08-12T18:44:00","guid":{"rendered":"https:\/\/www.clubeportuguesdeniteroi.com.br\/?p=2677"},"modified":"2026-04-16T10:05:49","modified_gmt":"2026-04-16T13:05:49","slug":"%f0%9f%8e%af-participe-do-nosso-evento-especial-de-krav-maga-em-31-de-agosto-de-2024","status":"publish","type":"post","link":"https:\/\/www.clubeportuguesdeniteroi.com.br\/?p=2677","title":{"rendered":"\ud83c\udfaf Participe do nosso evento especial de Krav Maga em 31 de agosto de 2024!"},"content":{"rendered":"\n<p style=\"font-size:25px\">Junte-se a n\u00f3s no Clube Portugu\u00eas de Niter\u00f3i para um evento imperd\u00edvel! Vamos realizar uma aula especial demonstrativa de Krav Maga, aberta para nossos alunos, ex-alunos e todos que t\u00eam interesse em conhecer essa arte de defesa pessoal.<\/p>\n\n\n\n<p style=\"font-size:25px\">\ud83d\udc4a Com a orienta\u00e7\u00e3o dos experientes instrutores Marco Antonio e Rodrigo Fernandes, voc\u00ea ter\u00e1 a oportunidade de aprender t\u00e9cnicas eficazes em um ambiente seguro e din\u00e2mico.<\/p>\n\n\n\n<figure class=\"wp-block-image size-large\"><img loading=\"lazy\" decoding=\"async\" width=\"1024\" height=\"683\" src=\"http:\/\/www.clubeportuguesdeniteroi.com.br\/wp-content\/uploads\/2024\/02\/kravmanga_clubeportugues1-1024x683.jpg\" alt=\"\" class=\"wp-image-1180\" srcset=\"https:\/\/www.clubeportuguesdeniteroi.com.br\/wp-content\/uploads\/2024\/02\/kravmanga_clubeportugues1-1024x683.jpg 1024w, https:\/\/www.clubeportuguesdeniteroi.com.br\/wp-content\/uploads\/2024\/02\/kravmanga_clubeportugues1-300x200.jpg 300w, https:\/\/www.clubeportuguesdeniteroi.com.br\/wp-content\/uploads\/2024\/02\/kravmanga_clubeportugues1-768x512.jpg 768w, https:\/\/www.clubeportuguesdeniteroi.com.br\/wp-content\/uploads\/2024\/02\/kravmanga_clubeportugues1-1536x1025.jpg 1536w, https:\/\/www.clubeportuguesdeniteroi.com.br\/wp-content\/uploads\/2024\/02\/kravmanga_clubeportugues1.jpg 1772w\" sizes=\"auto, (max-width: 1024px) 100vw, 1024px\" \/><\/figure>\n\n\n\n<p style=\"font-size:25px\">\ud83d\udd0d N\u00e3o perca essa chance de se aprofundar no Krav Maga!<\/p>\n\n\n\n<p style=\"font-size:25px\">\ud83d\udccd Local: Clube Portugu\u00eas de Niter\u00f3i<br>\u23f0 Hor\u00e1rio: 9h<br>\ud83d\udcf2 Maiores informa\u00e7\u00f5es: +55 21 97552-1233 (WhatsApp)<\/p>\n\n\n\n<figure class=\"wp-block-embed is-type-video is-provider-youtube wp-block-embed-youtube wp-embed-aspect-16-9 wp-has-aspect-ratio\"><div class=\"wp-block-embed__wrapper\">\n<iframe loading=\"lazy\" title=\"\ud83c\udfaf Participe do nosso evento especial de Krav Maga em 31 de agosto de 2024!\" width=\"500\" height=\"281\" src=\"https:\/\/www.youtube.com\/embed\/EY0hdqJPGeI?feature=oembed\" frameborder=\"0\" allow=\"accelerometer; autoplay; clipboard-write; encrypted-media; gyroscope; picture-in-picture; web-share\" referrerpolicy=\"strict-origin-when-cross-origin\" allowfullscreen><\/iframe>\n<\/div><\/figure>\n\n\n\n<p style=\"font-size:25px\">Venha fazer parte desta experi\u00eancia \u00fanica! Nos vemos l\u00e1! \ud83d\udca5<\/p>\n\n\n\n<h1 class=\"wp-block-heading\" style=\"font-size:25px\">KravMaga #DefesaPessoal #ClubePortugu\u00easDeNiter\u00f3i #AulaDemonstrativa #EventoDeKravMaga #Seguran\u00e7a #Autodefesa #Niter\u00f3i #Esporte #AutoProte\u00e7\u00e3o #TreinoDeDefesa<\/h1>\n","protected":false},"excerpt":{"rendered":"<p>Junte-se a n\u00f3s no Clube Portugu\u00eas de Niter\u00f3i para um evento imperd\u00edvel! Vamos realizar uma aula especial demonstrativa de Krav Maga, aberta para nossos alunos, ex-alunos e todos que t\u00eam interesse em conhecer essa arte de defesa pessoal. \ud83d\udc4a Com a orienta\u00e7\u00e3o dos experientes instrutores Marco Antonio e Rodrigo Fernandes, voc\u00ea ter\u00e1 a oportunidade de [&hellip;]<\/p>\n","protected":false},"author":1,"featured_media":1183,"comment_status":"closed","ping_status":"closed","sticky":false,"template":"","format":"standard","meta":{"footnotes":""},"categories":[153,48],"tags":[],"class_list":["post-2677","post","type-post","status-publish","format-standard","has-post-thumbnail","hentry","category-atividades-terceirizados","category-noticias"],"_links":{"self":[{"href":"https:\/\/www.clubeportuguesdeniteroi.com.br\/index.php?rest_route=\/wp\/v2\/posts\/2677","targetHints":{"allow":["GET"]}}],"collection":[{"href":"https:\/\/www.clubeportuguesdeniteroi.com.br\/index.php?rest_route=\/wp\/v2\/posts"}],"about":[{"href":"https:\/\/www.clubeportuguesdeniteroi.com.br\/index.php?rest_route=\/wp\/v2\/types\/post"}],"author":[{"embeddable":true,"href":"https:\/\/www.clubeportuguesdeniteroi.com.br\/index.php?rest_route=\/wp\/v2\/users\/1"}],"replies":[{"embeddable":true,"href":"https:\/\/www.clubeportuguesdeniteroi.com.br\/index.php?rest_route=%2Fwp%2Fv2%2Fcomments&post=2677"}],"version-history":[{"count":3,"href":"https:\/\/www.clubeportuguesdeniteroi.com.br\/index.php?rest_route=\/wp\/v2\/posts\/2677\/revisions"}],"predecessor-version":[{"id":2681,"href":"https:\/\/www.clubeportuguesdeniteroi.com.br\/index.php?rest_route=\/wp\/v2\/posts\/2677\/revisions\/2681"}],"wp:featuredmedia":[{"embeddable":true,"href":"https:\/\/www.clubeportuguesdeniteroi.com.br\/index.php?rest_route=\/wp\/v2\/media\/1183"}],"wp:attachment":[{"href":"https:\/\/www.clubeportuguesdeniteroi.com.br\/index.php?rest_route=%2Fwp%2Fv2%2Fmedia&parent=2677"}],"wp:term":[{"taxonomy":"category","embeddable":true,"href":"https:\/\/www.clubeportuguesdeniteroi.com.br\/index.php?rest_route=%2Fwp%2Fv2%2Fcategories&post=2677"},{"taxonomy":"post_tag","embeddable":true,"href":"https:\/\/www.clubeportuguesdeniteroi.com.br\/index.php?rest_route=%2Fwp%2Fv2%2Ftags&post=2677"}],"curies":[{"name":"wp","href":"https:\/\/api.w.org\/{rel}","templated":true}]}}