{"id":2979,"date":"2024-12-08T16:23:50","date_gmt":"2024-12-08T19:23:50","guid":{"rendered":"https:\/\/www.clubeportuguesdeniteroi.com.br\/?p=2979"},"modified":"2026-04-16T10:05:41","modified_gmt":"2026-04-16T13:05:41","slug":"festival-de-cultura-portuguesa-de-niteroi","status":"publish","type":"post","link":"https:\/\/www.clubeportuguesdeniteroi.com.br\/?p=2979","title":{"rendered":"Festival de Cultura Portuguesa de Niter\u00f3i"},"content":{"rendered":"\n<p style=\"font-size:25px\"><strong>PRIMEIRO DIA: <\/strong>11 de dezembro( quarta feira)<\/p>\n\n\n\n<p style=\"font-size:25px\"><strong>Local:<\/strong> Clube Portugu\u00eas de Niter\u00f3i, R. Prof. Lara Vilela, 176 &#8211; Ing\u00e1, Niter\u00f3i.<br>Hor\u00e1rio: A partir das 19h<\/p>\n\n\n\n<p style=\"font-size:25px\">Voc\u00ea \u00e9 o nosso convidado para o primeiro Festival de Cultura Portuguesa de Niter\u00f3i!<\/p>\n\n\n\n<figure class=\"wp-block-image size-full\"><img loading=\"lazy\" decoding=\"async\" width=\"526\" height=\"526\" src=\"https:\/\/www.clubeportuguesdeniteroi.com.br\/wp-content\/uploads\/2024\/12\/468934623_1117261697068191_7024633520114713374_n.jpg\" alt=\"\" class=\"wp-image-2980\" srcset=\"https:\/\/www.clubeportuguesdeniteroi.com.br\/wp-content\/uploads\/2024\/12\/468934623_1117261697068191_7024633520114713374_n.jpg 526w, https:\/\/www.clubeportuguesdeniteroi.com.br\/wp-content\/uploads\/2024\/12\/468934623_1117261697068191_7024633520114713374_n-300x300.jpg 300w, https:\/\/www.clubeportuguesdeniteroi.com.br\/wp-content\/uploads\/2024\/12\/468934623_1117261697068191_7024633520114713374_n-150x150.jpg 150w\" sizes=\"auto, (max-width: 526px) 100vw, 526px\" \/><\/figure>\n\n\n\n<p style=\"font-size:25px\"><strong>Dia 11 de dezembro, vivencie uma imers\u00e3o aut\u00eantica na rica cultura lusa!<\/strong><\/p>\n\n\n\n<p style=\"font-size:25px\"><strong>Programa\u00e7\u00e3o:<\/strong><\/p>\n\n\n\n<p style=\"font-size:25px\">*Atra\u00e7\u00f5es*<\/p>\n\n\n\n<p style=\"font-size:25px\"><strong>&#8211; Show com Biafra<br>&#8211; Rancho Folcl\u00f3rico Luis de Cam\u00f5es: Dan\u00e7as tradicionais portuguesas com eleg\u00e2ncia e gra\u00e7a.<br>&#8211; Chef Vicente Maia: com o melhor da culin\u00e1ria portuguesa.<br>&#8211; DJ Convidado: M\u00fasica para dan\u00e7ar e se divertir.<\/strong><\/p>\n\n\n\n<p style=\"font-size:25px\"><strong>*Informa\u00e7\u00f5es*<\/strong><\/p>\n\n\n\n<p style=\"font-size:25px\">&#8211; Entrada gratuita.<br>&#8211; Acessibilidade estrutural e comunicacional (libras) para pessoas com defici\u00eancia.<\/p>\n\n\n\n<p style=\"font-size:25px\">N\u00e3o perca essa oportunidade \u00fanica de vivenciar a cultura portuguesa em Niter\u00f3i!<\/p>\n\n\n\n<p style=\"font-size:25px\">Convide amigos e familiares!<\/p>\n\n\n\n<p style=\"font-size:25px\"><a href=\"https:\/\/www.instagram.com\/clubeportuguesniteroi\/\">@clubeportuguesniteroi<\/a><br><a href=\"https:\/\/www.instagram.com\/smc.niteroi\/\">@smc.niteroi<\/a><br><a href=\"https:\/\/www.instagram.com\/biafra_oficial\/\">@biafra_oficial<\/a><br><a href=\"https:\/\/www.instagram.com\/chef.vicente.maia\/\">@chef.vicente.maia<\/a><br><a href=\"https:\/\/www.instagram.com\/rfluisdecamoes\/\">@rfluisdecamoes<\/a><\/p>\n\n\n\n<p style=\"font-size:25px\"><a href=\"https:\/\/www.instagram.com\/explore\/tags\/festivalculturaportuguesaniteroi\/\">#FestivalCulturaPortuguesaNiteroi<\/a><a href=\"https:\/\/www.instagram.com\/explore\/tags\/culturaportuguesa\/\">#CulturaPortuguesa<\/a><a href=\"https:\/\/www.instagram.com\/explore\/tags\/niter%C3%B3i\/\">#Niter\u00f3i<\/a><a href=\"https:\/\/www.instagram.com\/explore\/tags\/primeirodia\/\">#PrimeiroDia<\/a><a href=\"https:\/\/www.instagram.com\/explore\/tags\/ranchofolcl%C3%B3rico\/\">#RanchoFolcl\u00f3rico<\/a><a href=\"https:\/\/www.instagram.com\/explore\/tags\/biafra\/\">#Biafra<\/a><a href=\"https:\/\/www.instagram.com\/explore\/tags\/chefvicentemaia\/\">#ChefVicenteMaia<\/a><\/p>\n","protected":false},"excerpt":{"rendered":"<p>PRIMEIRO DIA: 11 de dezembro( quarta feira) Local: Clube Portugu\u00eas de Niter\u00f3i, R. Prof. Lara Vilela, 176 &#8211; Ing\u00e1, Niter\u00f3i.Hor\u00e1rio: A partir das 19h Voc\u00ea \u00e9 o nosso convidado para o primeiro Festival de Cultura Portuguesa de Niter\u00f3i! Dia 11 de dezembro, vivencie uma imers\u00e3o aut\u00eantica na rica cultura lusa! Programa\u00e7\u00e3o: *Atra\u00e7\u00f5es* &#8211; Show com [&hellip;]<\/p>\n","protected":false},"author":1,"featured_media":2986,"comment_status":"closed","ping_status":"closed","sticky":false,"template":"","format":"standard","meta":{"footnotes":""},"categories":[48,1],"tags":[204,51,53,52,205,203,112],"class_list":["post-2979","post","type-post","status-publish","format-standard","has-post-thumbnail","hentry","category-noticias","category-sem-categoria","tag-biafra","tag-clube-portugues","tag-clube-portugues-de-niteroi","tag-cpn","tag-festival-de-cultura-portuguesa-de-niteroi","tag-show-com-biafra","tag-tradicoes-portuguesas"],"_links":{"self":[{"href":"https:\/\/www.clubeportuguesdeniteroi.com.br\/index.php?rest_route=\/wp\/v2\/posts\/2979","targetHints":{"allow":["GET"]}}],"collection":[{"href":"https:\/\/www.clubeportuguesdeniteroi.com.br\/index.php?rest_route=\/wp\/v2\/posts"}],"about":[{"href":"https:\/\/www.clubeportuguesdeniteroi.com.br\/index.php?rest_route=\/wp\/v2\/types\/post"}],"author":[{"embeddable":true,"href":"https:\/\/www.clubeportuguesdeniteroi.com.br\/index.php?rest_route=\/wp\/v2\/users\/1"}],"replies":[{"embeddable":true,"href":"https:\/\/www.clubeportuguesdeniteroi.com.br\/index.php?rest_route=%2Fwp%2Fv2%2Fcomments&post=2979"}],"version-history":[{"count":2,"href":"https:\/\/www.clubeportuguesdeniteroi.com.br\/index.php?rest_route=\/wp\/v2\/posts\/2979\/revisions"}],"predecessor-version":[{"id":2982,"href":"https:\/\/www.clubeportuguesdeniteroi.com.br\/index.php?rest_route=\/wp\/v2\/posts\/2979\/revisions\/2982"}],"wp:featuredmedia":[{"embeddable":true,"href":"https:\/\/www.clubeportuguesdeniteroi.com.br\/index.php?rest_route=\/wp\/v2\/media\/2986"}],"wp:attachment":[{"href":"https:\/\/www.clubeportuguesdeniteroi.com.br\/index.php?rest_route=%2Fwp%2Fv2%2Fmedia&parent=2979"}],"wp:term":[{"taxonomy":"category","embeddable":true,"href":"https:\/\/www.clubeportuguesdeniteroi.com.br\/index.php?rest_route=%2Fwp%2Fv2%2Fcategories&post=2979"},{"taxonomy":"post_tag","embeddable":true,"href":"https:\/\/www.clubeportuguesdeniteroi.com.br\/index.php?rest_route=%2Fwp%2Fv2%2Ftags&post=2979"}],"curies":[{"name":"wp","href":"https:\/\/api.w.org\/{rel}","templated":true}]}}