{"id":3010,"date":"2024-12-15T11:44:13","date_gmt":"2024-12-15T14:44:13","guid":{"rendered":"https:\/\/www.clubeportuguesdeniteroi.com.br\/?p=3010"},"modified":"2026-04-16T10:04:10","modified_gmt":"2026-04-16T13:04:10","slug":"salaodosdescobrimentos","status":"publish","type":"post","link":"https:\/\/www.clubeportuguesdeniteroi.com.br\/?p=3010","title":{"rendered":"Solenidade de Inaugura\u00e7\u00e3o do Sal\u00e3o dos Descobrimentos"},"content":{"rendered":"\n<p style=\"font-size:25px\">Ao vivo do Clube Portugu\u00eas de Niter\u00f3i na Solenidade de Inaugura\u00e7\u00e3o do Sal\u00e3o dos Descobrimentos com o presidente Orlando Cerveira, o vice-presidente Fernando Guedes, diretores, componentes do Rancho Folcl\u00f3rico Lu\u00eds de Cam\u00f5es e demais convidados.<\/p>\n\n\n\n[ngg src=&#8221;galleries&#8221; ids=&#8221;33&#8243; display=&#8221;basic_thumbnail&#8221; thumbnail_crop=&#8221;0&#8243; maximum_entity_count=&#8221;500&#8243;]\n\n\n\n<p style=\"font-size:25px\">Reportagem de Foto e V\u00eddeo por F\u00e1tima Macedo &#8211; Cantinho do Folclore<\/p>\n\n\n\n<figure class=\"wp-block-embed is-type-video is-provider-youtube wp-block-embed-youtube wp-embed-aspect-16-9 wp-has-aspect-ratio\"><div class=\"wp-block-embed__wrapper\">\n<iframe loading=\"lazy\" title=\"Com a palavra o Presidente do Clube Portugu\u00eas de Niter\u00f3i, Comendador Orlando Cerveira Francisco\" width=\"500\" height=\"281\" src=\"https:\/\/www.youtube.com\/embed\/75XXaoYwRr4?feature=oembed\" frameborder=\"0\" allow=\"accelerometer; autoplay; clipboard-write; encrypted-media; gyroscope; picture-in-picture; web-share\" referrerpolicy=\"strict-origin-when-cross-origin\" allowfullscreen><\/iframe>\n<\/div><\/figure>\n\n\n\n<figure class=\"wp-block-embed is-type-video is-provider-youtube wp-block-embed-youtube wp-embed-aspect-16-9 wp-has-aspect-ratio\"><div class=\"wp-block-embed__wrapper\">\n<iframe loading=\"lazy\" title=\"Solenidade de Inaugura\u00e7\u00e3o do Sal\u00e3o dos Descobrimentos\" width=\"500\" height=\"281\" src=\"https:\/\/www.youtube.com\/embed\/LAv2sttUjNc?feature=oembed\" frameborder=\"0\" allow=\"accelerometer; autoplay; clipboard-write; encrypted-media; gyroscope; picture-in-picture; web-share\" referrerpolicy=\"strict-origin-when-cross-origin\" allowfullscreen><\/iframe>\n<\/div><\/figure>\n\n\n\n<p style=\"font-size:25px\"><a href=\"https:\/\/www.instagram.com\/explore\/tags\/camoes\/\">#camoes<\/a><a href=\"https:\/\/www.instagram.com\/explore\/tags\/descobrimentos\/\">#descobrimentos<\/a><a href=\"https:\/\/www.instagram.com\/explore\/tags\/clubeportuguesdeniteroi\/\">#clubeportuguesdeniteroi<\/a><a href=\"https:\/\/www.instagram.com\/explore\/tags\/grupofolclorico\/\">#grupofolclorico<\/a><a href=\"https:\/\/www.instagram.com\/explore\/tags\/ranchofolclorico\/\">#ranchofolclorico<\/a><\/p>\n\n\n\n<p style=\"font-size:25px\"><\/p>\n","protected":false},"excerpt":{"rendered":"<p>Ao vivo do Clube Portugu\u00eas de Niter\u00f3i na Solenidade de Inaugura\u00e7\u00e3o do Sal\u00e3o dos Descobrimentos com o presidente Orlando Cerveira, o vice-presidente Fernando Guedes, diretores, componentes do Rancho Folcl\u00f3rico Lu\u00eds de Cam\u00f5es e demais convidados. Reportagem de Foto e V\u00eddeo por F\u00e1tima Macedo &#8211; Cantinho do Folclore #camoes#descobrimentos#clubeportuguesdeniteroi#grupofolclorico#ranchofolclorico<\/p>\n","protected":false},"author":1,"featured_media":3012,"comment_status":"closed","ping_status":"closed","sticky":false,"template":"","format":"standard","meta":{"footnotes":""},"categories":[48],"tags":[],"class_list":["post-3010","post","type-post","status-publish","format-standard","has-post-thumbnail","hentry","category-noticias"],"_links":{"self":[{"href":"https:\/\/www.clubeportuguesdeniteroi.com.br\/index.php?rest_route=\/wp\/v2\/posts\/3010","targetHints":{"allow":["GET"]}}],"collection":[{"href":"https:\/\/www.clubeportuguesdeniteroi.com.br\/index.php?rest_route=\/wp\/v2\/posts"}],"about":[{"href":"https:\/\/www.clubeportuguesdeniteroi.com.br\/index.php?rest_route=\/wp\/v2\/types\/post"}],"author":[{"embeddable":true,"href":"https:\/\/www.clubeportuguesdeniteroi.com.br\/index.php?rest_route=\/wp\/v2\/users\/1"}],"replies":[{"embeddable":true,"href":"https:\/\/www.clubeportuguesdeniteroi.com.br\/index.php?rest_route=%2Fwp%2Fv2%2Fcomments&post=3010"}],"version-history":[{"count":8,"href":"https:\/\/www.clubeportuguesdeniteroi.com.br\/index.php?rest_route=\/wp\/v2\/posts\/3010\/revisions"}],"predecessor-version":[{"id":3034,"href":"https:\/\/www.clubeportuguesdeniteroi.com.br\/index.php?rest_route=\/wp\/v2\/posts\/3010\/revisions\/3034"}],"wp:featuredmedia":[{"embeddable":true,"href":"https:\/\/www.clubeportuguesdeniteroi.com.br\/index.php?rest_route=\/wp\/v2\/media\/3012"}],"wp:attachment":[{"href":"https:\/\/www.clubeportuguesdeniteroi.com.br\/index.php?rest_route=%2Fwp%2Fv2%2Fmedia&parent=3010"}],"wp:term":[{"taxonomy":"category","embeddable":true,"href":"https:\/\/www.clubeportuguesdeniteroi.com.br\/index.php?rest_route=%2Fwp%2Fv2%2Fcategories&post=3010"},{"taxonomy":"post_tag","embeddable":true,"href":"https:\/\/www.clubeportuguesdeniteroi.com.br\/index.php?rest_route=%2Fwp%2Fv2%2Ftags&post=3010"}],"curies":[{"name":"wp","href":"https:\/\/api.w.org\/{rel}","templated":true}]}}